{"id":583,"date":"2025-10-14T08:10:29","date_gmt":"2025-10-14T12:10:29","guid":{"rendered":"https:\/\/ceiep-program.com\/fr\/?p=583"},"modified":"2025-10-14T08:10:29","modified_gmt":"2025-10-14T12:10:29","slug":"journee-mondiale-de-la-sante-mentale-2025","status":"publish","type":"post","link":"https:\/\/ceiep-program.com\/fr\/2025\/10\/14\/journee-mondiale-de-la-sante-mentale-2025\/","title":{"rendered":"Journ\u00e9e mondiale de la sant\u00e9 mentale 2025"},"content":{"rendered":"\n<div class=\"wp-block-zp4-masthead alignfull\"><div class=\"masthead\"><div class=\"image-container\"><img loading=\"lazy\" decoding=\"async\" width=\"1389\" height=\"728\" src=\"https:\/\/ceiep-program.com\/fr\/wp-content\/uploads\/sites\/2\/2024\/10\/Brain_elevator.png\" alt=\"\" class=\"wp-image-564\" srcset=\"https:\/\/ceiep-program.com\/fr\/wp-content\/uploads\/sites\/2\/2024\/10\/Brain_elevator.png 1389w, https:\/\/ceiep-program.com\/fr\/wp-content\/uploads\/sites\/2\/2024\/10\/Brain_elevator-300x157.png 300w, https:\/\/ceiep-program.com\/fr\/wp-content\/uploads\/sites\/2\/2024\/10\/Brain_elevator-1024x537.png 1024w, https:\/\/ceiep-program.com\/fr\/wp-content\/uploads\/sites\/2\/2024\/10\/Brain_elevator-768x403.png 768w, https:\/\/ceiep-program.com\/fr\/wp-content\/uploads\/sites\/2\/2024\/10\/Brain_elevator-68x36.png 68w, https:\/\/ceiep-program.com\/fr\/wp-content\/uploads\/sites\/2\/2024\/10\/Brain_elevator-84x44.png 84w\" sizes=\"auto, (max-width: 1389px) 100vw, 1389px\" \/><\/div><div class=\"content-container\"><h1>Journ\u00e9e mondiale de la sant\u00e9 mentale<\/h1><p class=\"has-large-font-size\"><\/p><div class=\"meta-container\"><time datetime=\"2025-10-10T13:41:17-04:00\">10 October 2025<\/time><span class=\"badge\">Nouvelles<\/span><\/div>\n<div class=\"wp-block-buttons is-content-justification-center is-layout-flex wp-container-core-buttons-is-layout-a89b3969 wp-block-buttons-is-layout-flex\">\n\n\n\n<\/div>\n<\/div><\/div><\/div>\n\n\n\n<p><\/p>\n\n\n\n<p>La Journ\u00e9e mondiale de la sant\u00e9 mentale est c\u00e9l\u00e9br\u00e9e chaque ann\u00e9e le 10&nbsp;octobre, un moment mondial pour sensibiliser aux probl\u00e8mes de sant\u00e9 mentale et plaider en faveur d\u2019un meilleur soutien.&nbsp;<\/p>\n\n\n\n<p>La d\u00e9pression, le stress et l\u2019anxi\u00e9t\u00e9 sont des dangers invisibles qui peuvent \u00eatre tout aussi dangereux que les risques physiques sur le chantier. Reconna\u00eetre et aborder la sant\u00e9 mentale est crucial pour assurer la s\u00e9curit\u00e9 et le bien-\u00eatre de tous les travailleurs.&nbsp;<\/p>\n\n\n\n<p>En cette Journ\u00e9e mondiale de la sant\u00e9 mentale, le CEIEP r\u00e9affirme fi\u00e8rement son engagement envers le bien-\u00eatre des \u00e9tudiants en mettant en avant notre cours proactif sur la sant\u00e9 mentale, qui fournit des ressources, des strat\u00e9gies pratiques et des espaces communautaires de soutien pour aider les \u00e9tudiants \u00e0 g\u00e9rer le stress, renforcer la r\u00e9silience, et prioriser leur sant\u00e9 mentale \u00e0 l\u2019int\u00e9rieur comme \u00e0 l\u2019ext\u00e9rieur de la salle de classe.<\/p>\n\n\n\n<p><\/p>\n\n\n\n<figure class=\"wp-block-image alignwide size-full\"><img loading=\"lazy\" decoding=\"async\" width=\"695\" height=\"911\" src=\"https:\/\/ceiep-program.com\/fr\/wp-content\/uploads\/sites\/2\/2024\/10\/MHPoster.png\" alt=\"\" class=\"wp-image-565\" srcset=\"https:\/\/ceiep-program.com\/fr\/wp-content\/uploads\/sites\/2\/2024\/10\/MHPoster.png 695w, https:\/\/ceiep-program.com\/fr\/wp-content\/uploads\/sites\/2\/2024\/10\/MHPoster-229x300.png 229w, https:\/\/ceiep-program.com\/fr\/wp-content\/uploads\/sites\/2\/2024\/10\/MHPoster-610x800.png 610w, https:\/\/ceiep-program.com\/fr\/wp-content\/uploads\/sites\/2\/2024\/10\/MHPoster-52x68.png 52w, https:\/\/ceiep-program.com\/fr\/wp-content\/uploads\/sites\/2\/2024\/10\/MHPoster-64x84.png 64w\" sizes=\"auto, (max-width: 695px) 100vw, 695px\" \/><\/figure>\n\n\n\n<p><\/p>\n","protected":false},"excerpt":{"rendered":"<p>La Journ\u00e9e mondiale de la sant\u00e9 mentale est c\u00e9l\u00e9br\u00e9e chaque ann\u00e9e le 10&nbsp;octobre, un moment mondial pour sensibiliser aux probl\u00e8mes de sant\u00e9 mentale et plaider en faveur d\u2019un meilleur soutien.&nbsp; La d\u00e9pression, le stress et l\u2019anxi\u00e9t\u00e9 sont des dangers invisibles qui peuvent \u00eatre tout aussi dangereux que les risques physiques sur le chantier. Reconna\u00eetre et [&hellip;]<\/p>\n","protected":false},"author":3,"featured_media":564,"comment_status":"open","ping_status":"open","sticky":false,"template":"","format":"standard","meta":{"_acf_changed":false,"footnotes":""},"categories":[12],"tags":[],"class_list":["post-583","post","type-post","status-publish","format-standard","has-post-thumbnail","hentry","category-nouvelles"],"acf":[],"yoast_head":"<!-- This site is optimized with the Yoast SEO plugin v27.4 - https:\/\/yoast.com\/product\/yoast-seo-wordpress\/ -->\n<title>Journ\u00e9e mondiale de la sant\u00e9 mentale 2025 - CEIEP - Programme \u00c9ducationnel Canadienne de l\u2019industrie des Ascenseurs<\/title>\n<meta name=\"robots\" content=\"index, follow, max-snippet:-1, max-image-preview:large, max-video-preview:-1\" \/>\n<link rel=\"canonical\" href=\"https:\/\/ceiep-program.com\/fr\/2025\/10\/14\/journee-mondiale-de-la-sante-mentale-2025\/\" \/>\n<meta property=\"og:locale\" content=\"fr_CA\" \/>\n<meta property=\"og:type\" content=\"article\" \/>\n<meta property=\"og:title\" content=\"Journ\u00e9e mondiale de la sant\u00e9 mentale 2025 - CEIEP - Programme \u00c9ducationnel Canadienne de l\u2019industrie des Ascenseurs\" \/>\n<meta property=\"og:description\" content=\"La Journ\u00e9e mondiale de la sant\u00e9 mentale est c\u00e9l\u00e9br\u00e9e chaque ann\u00e9e le 10&nbsp;octobre, un moment mondial pour sensibiliser aux probl\u00e8mes de sant\u00e9 mentale et plaider en faveur d\u2019un meilleur soutien.&nbsp; La d\u00e9pression, le stress et l\u2019anxi\u00e9t\u00e9 sont des dangers invisibles qui peuvent \u00eatre tout aussi dangereux que les risques physiques sur le chantier. Reconna\u00eetre et [&hellip;]\" \/>\n<meta property=\"og:url\" content=\"https:\/\/ceiep-program.com\/fr\/2025\/10\/14\/journee-mondiale-de-la-sante-mentale-2025\/\" \/>\n<meta property=\"og:site_name\" content=\"CEIEP - Programme \u00c9ducationnel Canadienne de l\u2019industrie des Ascenseurs\" \/>\n<meta property=\"article:publisher\" content=\"https:\/\/www.facebook.com\/Ceiepprogram\/\" \/>\n<meta property=\"article:published_time\" content=\"2025-10-14T12:10:29+00:00\" \/>\n<meta property=\"og:image\" content=\"https:\/\/ceiep-program.com\/fr\/wp-content\/uploads\/sites\/2\/2024\/10\/Brain_elevator.png\" \/>\n\t<meta property=\"og:image:width\" content=\"1389\" \/>\n\t<meta property=\"og:image:height\" content=\"728\" \/>\n\t<meta property=\"og:image:type\" content=\"image\/png\" \/>\n<meta name=\"author\" content=\"vselvakumar\" \/>\n<meta name=\"twitter:card\" content=\"summary_large_image\" \/>\n<meta name=\"twitter:creator\" content=\"@CEIEPprogram\" \/>\n<meta name=\"twitter:site\" content=\"@CEIEPprogram\" \/>\n<meta name=\"twitter:label1\" content=\"\u00c9crit par\" \/>\n\t<meta name=\"twitter:data1\" content=\"vselvakumar\" \/>\n\t<meta name=\"twitter:label2\" content=\"Estimation du temps de lecture\" \/>\n\t<meta name=\"twitter:data2\" content=\"2 minutes\" \/>\n<script type=\"application\/ld+json\" class=\"yoast-schema-graph\">{\"@context\":\"https:\\\/\\\/schema.org\",\"@graph\":[{\"@type\":\"Article\",\"@id\":\"https:\\\/\\\/ceiep-program.com\\\/fr\\\/2025\\\/10\\\/14\\\/journee-mondiale-de-la-sante-mentale-2025\\\/#article\",\"isPartOf\":{\"@id\":\"https:\\\/\\\/ceiep-program.com\\\/fr\\\/2025\\\/10\\\/14\\\/journee-mondiale-de-la-sante-mentale-2025\\\/\"},\"author\":{\"name\":\"vselvakumar\",\"@id\":\"https:\\\/\\\/ceiep-program.com\\\/fr\\\/#\\\/schema\\\/person\\\/25d894316d7f9b7e536175d41ae56a6c\"},\"headline\":\"Journ\u00e9e mondiale de la sant\u00e9 mentale 2025\",\"datePublished\":\"2025-10-14T12:10:29+00:00\",\"mainEntityOfPage\":{\"@id\":\"https:\\\/\\\/ceiep-program.com\\\/fr\\\/2025\\\/10\\\/14\\\/journee-mondiale-de-la-sante-mentale-2025\\\/\"},\"wordCount\":181,\"commentCount\":0,\"publisher\":{\"@id\":\"https:\\\/\\\/ceiep-program.com\\\/fr\\\/#organization\"},\"image\":{\"@id\":\"https:\\\/\\\/ceiep-program.com\\\/fr\\\/2025\\\/10\\\/14\\\/journee-mondiale-de-la-sante-mentale-2025\\\/#primaryimage\"},\"thumbnailUrl\":\"https:\\\/\\\/ceiep-program.com\\\/fr\\\/wp-content\\\/uploads\\\/sites\\\/2\\\/2024\\\/10\\\/Brain_elevator.png\",\"articleSection\":[\"Nouvelles\"],\"inLanguage\":\"fr-CA\",\"potentialAction\":[{\"@type\":\"CommentAction\",\"name\":\"Comment\",\"target\":[\"https:\\\/\\\/ceiep-program.com\\\/fr\\\/2025\\\/10\\\/14\\\/journee-mondiale-de-la-sante-mentale-2025\\\/#respond\"]}]},{\"@type\":\"WebPage\",\"@id\":\"https:\\\/\\\/ceiep-program.com\\\/fr\\\/2025\\\/10\\\/14\\\/journee-mondiale-de-la-sante-mentale-2025\\\/\",\"url\":\"https:\\\/\\\/ceiep-program.com\\\/fr\\\/2025\\\/10\\\/14\\\/journee-mondiale-de-la-sante-mentale-2025\\\/\",\"name\":\"Journ\u00e9e mondiale de la sant\u00e9 mentale 2025 - CEIEP - Programme \u00c9ducationnel Canadienne de l\u2019industrie des Ascenseurs\",\"isPartOf\":{\"@id\":\"https:\\\/\\\/ceiep-program.com\\\/fr\\\/#website\"},\"primaryImageOfPage\":{\"@id\":\"https:\\\/\\\/ceiep-program.com\\\/fr\\\/2025\\\/10\\\/14\\\/journee-mondiale-de-la-sante-mentale-2025\\\/#primaryimage\"},\"image\":{\"@id\":\"https:\\\/\\\/ceiep-program.com\\\/fr\\\/2025\\\/10\\\/14\\\/journee-mondiale-de-la-sante-mentale-2025\\\/#primaryimage\"},\"thumbnailUrl\":\"https:\\\/\\\/ceiep-program.com\\\/fr\\\/wp-content\\\/uploads\\\/sites\\\/2\\\/2024\\\/10\\\/Brain_elevator.png\",\"datePublished\":\"2025-10-14T12:10:29+00:00\",\"breadcrumb\":{\"@id\":\"https:\\\/\\\/ceiep-program.com\\\/fr\\\/2025\\\/10\\\/14\\\/journee-mondiale-de-la-sante-mentale-2025\\\/#breadcrumb\"},\"inLanguage\":\"fr-CA\",\"potentialAction\":[{\"@type\":\"ReadAction\",\"target\":[\"https:\\\/\\\/ceiep-program.com\\\/fr\\\/2025\\\/10\\\/14\\\/journee-mondiale-de-la-sante-mentale-2025\\\/\"]}]},{\"@type\":\"ImageObject\",\"inLanguage\":\"fr-CA\",\"@id\":\"https:\\\/\\\/ceiep-program.com\\\/fr\\\/2025\\\/10\\\/14\\\/journee-mondiale-de-la-sante-mentale-2025\\\/#primaryimage\",\"url\":\"https:\\\/\\\/ceiep-program.com\\\/fr\\\/wp-content\\\/uploads\\\/sites\\\/2\\\/2024\\\/10\\\/Brain_elevator.png\",\"contentUrl\":\"https:\\\/\\\/ceiep-program.com\\\/fr\\\/wp-content\\\/uploads\\\/sites\\\/2\\\/2024\\\/10\\\/Brain_elevator.png\",\"width\":1389,\"height\":728},{\"@type\":\"BreadcrumbList\",\"@id\":\"https:\\\/\\\/ceiep-program.com\\\/fr\\\/2025\\\/10\\\/14\\\/journee-mondiale-de-la-sante-mentale-2025\\\/#breadcrumb\",\"itemListElement\":[{\"@type\":\"ListItem\",\"position\":1,\"name\":\"Home\",\"item\":\"https:\\\/\\\/ceiep-program.com\\\/fr\\\/\"},{\"@type\":\"ListItem\",\"position\":2,\"name\":\"Journ\u00e9e mondiale de la sant\u00e9 mentale 2025\"}]},{\"@type\":\"WebSite\",\"@id\":\"https:\\\/\\\/ceiep-program.com\\\/fr\\\/#website\",\"url\":\"https:\\\/\\\/ceiep-program.com\\\/fr\\\/\",\"name\":\"CEIEP - Programme \u00c9ducationnel Canadienne de l\u2019industrie des Ascenseurs\",\"description\":\"Just another CEIEP Sites site\",\"publisher\":{\"@id\":\"https:\\\/\\\/ceiep-program.com\\\/fr\\\/#organization\"},\"potentialAction\":[{\"@type\":\"SearchAction\",\"target\":{\"@type\":\"EntryPoint\",\"urlTemplate\":\"https:\\\/\\\/ceiep-program.com\\\/fr\\\/?s={search_term_string}\"},\"query-input\":{\"@type\":\"PropertyValueSpecification\",\"valueRequired\":true,\"valueName\":\"search_term_string\"}}],\"inLanguage\":\"fr-CA\"},{\"@type\":\"Organization\",\"@id\":\"https:\\\/\\\/ceiep-program.com\\\/fr\\\/#organization\",\"name\":\"CEIEP - Programme \u00c9ducationnel Canadienne de l\u2019industrie des Ascenseurs\",\"url\":\"https:\\\/\\\/ceiep-program.com\\\/fr\\\/\",\"logo\":{\"@type\":\"ImageObject\",\"inLanguage\":\"fr-CA\",\"@id\":\"https:\\\/\\\/ceiep-program.com\\\/fr\\\/#\\\/schema\\\/logo\\\/image\\\/\",\"url\":\"https:\\\/\\\/ceiep-program.com\\\/fr\\\/wp-content\\\/uploads\\\/sites\\\/2\\\/2023\\\/02\\\/Allegra-Cover-Logo.png\",\"contentUrl\":\"https:\\\/\\\/ceiep-program.com\\\/fr\\\/wp-content\\\/uploads\\\/sites\\\/2\\\/2023\\\/02\\\/Allegra-Cover-Logo.png\",\"width\":267,\"height\":266,\"caption\":\"CEIEP - Programme \u00c9ducationnel Canadienne de l\u2019industrie des Ascenseurs\"},\"image\":{\"@id\":\"https:\\\/\\\/ceiep-program.com\\\/fr\\\/#\\\/schema\\\/logo\\\/image\\\/\"},\"sameAs\":[\"https:\\\/\\\/www.facebook.com\\\/Ceiepprogram\\\/\",\"https:\\\/\\\/x.com\\\/CEIEPprogram\",\"https:\\\/\\\/www.instagram.com\\\/ceiepprogram\\\/\"]},{\"@type\":\"Person\",\"@id\":\"https:\\\/\\\/ceiep-program.com\\\/fr\\\/#\\\/schema\\\/person\\\/25d894316d7f9b7e536175d41ae56a6c\",\"name\":\"vselvakumar\",\"image\":{\"@type\":\"ImageObject\",\"inLanguage\":\"fr-CA\",\"@id\":\"https:\\\/\\\/secure.gravatar.com\\\/avatar\\\/f0b17e1aaf96522216fd7324fb7cda612a7dc1047e79f354398f1eff6a502720?s=96&d=mm&r=g\",\"url\":\"https:\\\/\\\/secure.gravatar.com\\\/avatar\\\/f0b17e1aaf96522216fd7324fb7cda612a7dc1047e79f354398f1eff6a502720?s=96&d=mm&r=g\",\"contentUrl\":\"https:\\\/\\\/secure.gravatar.com\\\/avatar\\\/f0b17e1aaf96522216fd7324fb7cda612a7dc1047e79f354398f1eff6a502720?s=96&d=mm&r=g\",\"caption\":\"vselvakumar\"},\"url\":\"https:\\\/\\\/ceiep-program.com\\\/fr\\\/author\\\/vselvakumar\\\/\"}]}<\/script>\n<!-- \/ Yoast SEO plugin. -->","yoast_head_json":{"title":"Journ\u00e9e mondiale de la sant\u00e9 mentale 2025 - CEIEP - Programme \u00c9ducationnel Canadienne de l\u2019industrie des Ascenseurs","robots":{"index":"index","follow":"follow","max-snippet":"max-snippet:-1","max-image-preview":"max-image-preview:large","max-video-preview":"max-video-preview:-1"},"canonical":"https:\/\/ceiep-program.com\/fr\/2025\/10\/14\/journee-mondiale-de-la-sante-mentale-2025\/","og_locale":"fr_CA","og_type":"article","og_title":"Journ\u00e9e mondiale de la sant\u00e9 mentale 2025 - CEIEP - Programme \u00c9ducationnel Canadienne de l\u2019industrie des Ascenseurs","og_description":"La Journ\u00e9e mondiale de la sant\u00e9 mentale est c\u00e9l\u00e9br\u00e9e chaque ann\u00e9e le 10&nbsp;octobre, un moment mondial pour sensibiliser aux probl\u00e8mes de sant\u00e9 mentale et plaider en faveur d\u2019un meilleur soutien.&nbsp; La d\u00e9pression, le stress et l\u2019anxi\u00e9t\u00e9 sont des dangers invisibles qui peuvent \u00eatre tout aussi dangereux que les risques physiques sur le chantier. Reconna\u00eetre et [&hellip;]","og_url":"https:\/\/ceiep-program.com\/fr\/2025\/10\/14\/journee-mondiale-de-la-sante-mentale-2025\/","og_site_name":"CEIEP - Programme \u00c9ducationnel Canadienne de l\u2019industrie des Ascenseurs","article_publisher":"https:\/\/www.facebook.com\/Ceiepprogram\/","article_published_time":"2025-10-14T12:10:29+00:00","og_image":[{"width":1389,"height":728,"url":"https:\/\/ceiep-program.com\/fr\/wp-content\/uploads\/sites\/2\/2024\/10\/Brain_elevator.png","type":"image\/png"}],"author":"vselvakumar","twitter_card":"summary_large_image","twitter_creator":"@CEIEPprogram","twitter_site":"@CEIEPprogram","twitter_misc":{"\u00c9crit par":"vselvakumar","Estimation du temps de lecture":"2 minutes"},"schema":{"@context":"https:\/\/schema.org","@graph":[{"@type":"Article","@id":"https:\/\/ceiep-program.com\/fr\/2025\/10\/14\/journee-mondiale-de-la-sante-mentale-2025\/#article","isPartOf":{"@id":"https:\/\/ceiep-program.com\/fr\/2025\/10\/14\/journee-mondiale-de-la-sante-mentale-2025\/"},"author":{"name":"vselvakumar","@id":"https:\/\/ceiep-program.com\/fr\/#\/schema\/person\/25d894316d7f9b7e536175d41ae56a6c"},"headline":"Journ\u00e9e mondiale de la sant\u00e9 mentale 2025","datePublished":"2025-10-14T12:10:29+00:00","mainEntityOfPage":{"@id":"https:\/\/ceiep-program.com\/fr\/2025\/10\/14\/journee-mondiale-de-la-sante-mentale-2025\/"},"wordCount":181,"commentCount":0,"publisher":{"@id":"https:\/\/ceiep-program.com\/fr\/#organization"},"image":{"@id":"https:\/\/ceiep-program.com\/fr\/2025\/10\/14\/journee-mondiale-de-la-sante-mentale-2025\/#primaryimage"},"thumbnailUrl":"https:\/\/ceiep-program.com\/fr\/wp-content\/uploads\/sites\/2\/2024\/10\/Brain_elevator.png","articleSection":["Nouvelles"],"inLanguage":"fr-CA","potentialAction":[{"@type":"CommentAction","name":"Comment","target":["https:\/\/ceiep-program.com\/fr\/2025\/10\/14\/journee-mondiale-de-la-sante-mentale-2025\/#respond"]}]},{"@type":"WebPage","@id":"https:\/\/ceiep-program.com\/fr\/2025\/10\/14\/journee-mondiale-de-la-sante-mentale-2025\/","url":"https:\/\/ceiep-program.com\/fr\/2025\/10\/14\/journee-mondiale-de-la-sante-mentale-2025\/","name":"Journ\u00e9e mondiale de la sant\u00e9 mentale 2025 - CEIEP - Programme \u00c9ducationnel Canadienne de l\u2019industrie des Ascenseurs","isPartOf":{"@id":"https:\/\/ceiep-program.com\/fr\/#website"},"primaryImageOfPage":{"@id":"https:\/\/ceiep-program.com\/fr\/2025\/10\/14\/journee-mondiale-de-la-sante-mentale-2025\/#primaryimage"},"image":{"@id":"https:\/\/ceiep-program.com\/fr\/2025\/10\/14\/journee-mondiale-de-la-sante-mentale-2025\/#primaryimage"},"thumbnailUrl":"https:\/\/ceiep-program.com\/fr\/wp-content\/uploads\/sites\/2\/2024\/10\/Brain_elevator.png","datePublished":"2025-10-14T12:10:29+00:00","breadcrumb":{"@id":"https:\/\/ceiep-program.com\/fr\/2025\/10\/14\/journee-mondiale-de-la-sante-mentale-2025\/#breadcrumb"},"inLanguage":"fr-CA","potentialAction":[{"@type":"ReadAction","target":["https:\/\/ceiep-program.com\/fr\/2025\/10\/14\/journee-mondiale-de-la-sante-mentale-2025\/"]}]},{"@type":"ImageObject","inLanguage":"fr-CA","@id":"https:\/\/ceiep-program.com\/fr\/2025\/10\/14\/journee-mondiale-de-la-sante-mentale-2025\/#primaryimage","url":"https:\/\/ceiep-program.com\/fr\/wp-content\/uploads\/sites\/2\/2024\/10\/Brain_elevator.png","contentUrl":"https:\/\/ceiep-program.com\/fr\/wp-content\/uploads\/sites\/2\/2024\/10\/Brain_elevator.png","width":1389,"height":728},{"@type":"BreadcrumbList","@id":"https:\/\/ceiep-program.com\/fr\/2025\/10\/14\/journee-mondiale-de-la-sante-mentale-2025\/#breadcrumb","itemListElement":[{"@type":"ListItem","position":1,"name":"Home","item":"https:\/\/ceiep-program.com\/fr\/"},{"@type":"ListItem","position":2,"name":"Journ\u00e9e mondiale de la sant\u00e9 mentale 2025"}]},{"@type":"WebSite","@id":"https:\/\/ceiep-program.com\/fr\/#website","url":"https:\/\/ceiep-program.com\/fr\/","name":"CEIEP - Programme \u00c9ducationnel Canadienne de l\u2019industrie des Ascenseurs","description":"Just another CEIEP Sites site","publisher":{"@id":"https:\/\/ceiep-program.com\/fr\/#organization"},"potentialAction":[{"@type":"SearchAction","target":{"@type":"EntryPoint","urlTemplate":"https:\/\/ceiep-program.com\/fr\/?s={search_term_string}"},"query-input":{"@type":"PropertyValueSpecification","valueRequired":true,"valueName":"search_term_string"}}],"inLanguage":"fr-CA"},{"@type":"Organization","@id":"https:\/\/ceiep-program.com\/fr\/#organization","name":"CEIEP - Programme \u00c9ducationnel Canadienne de l\u2019industrie des Ascenseurs","url":"https:\/\/ceiep-program.com\/fr\/","logo":{"@type":"ImageObject","inLanguage":"fr-CA","@id":"https:\/\/ceiep-program.com\/fr\/#\/schema\/logo\/image\/","url":"https:\/\/ceiep-program.com\/fr\/wp-content\/uploads\/sites\/2\/2023\/02\/Allegra-Cover-Logo.png","contentUrl":"https:\/\/ceiep-program.com\/fr\/wp-content\/uploads\/sites\/2\/2023\/02\/Allegra-Cover-Logo.png","width":267,"height":266,"caption":"CEIEP - Programme \u00c9ducationnel Canadienne de l\u2019industrie des Ascenseurs"},"image":{"@id":"https:\/\/ceiep-program.com\/fr\/#\/schema\/logo\/image\/"},"sameAs":["https:\/\/www.facebook.com\/Ceiepprogram\/","https:\/\/x.com\/CEIEPprogram","https:\/\/www.instagram.com\/ceiepprogram\/"]},{"@type":"Person","@id":"https:\/\/ceiep-program.com\/fr\/#\/schema\/person\/25d894316d7f9b7e536175d41ae56a6c","name":"vselvakumar","image":{"@type":"ImageObject","inLanguage":"fr-CA","@id":"https:\/\/secure.gravatar.com\/avatar\/f0b17e1aaf96522216fd7324fb7cda612a7dc1047e79f354398f1eff6a502720?s=96&d=mm&r=g","url":"https:\/\/secure.gravatar.com\/avatar\/f0b17e1aaf96522216fd7324fb7cda612a7dc1047e79f354398f1eff6a502720?s=96&d=mm&r=g","contentUrl":"https:\/\/secure.gravatar.com\/avatar\/f0b17e1aaf96522216fd7324fb7cda612a7dc1047e79f354398f1eff6a502720?s=96&d=mm&r=g","caption":"vselvakumar"},"url":"https:\/\/ceiep-program.com\/fr\/author\/vselvakumar\/"}]}},"_links":{"self":[{"href":"https:\/\/ceiep-program.com\/fr\/wp-json\/wp\/v2\/posts\/583","targetHints":{"allow":["GET"]}}],"collection":[{"href":"https:\/\/ceiep-program.com\/fr\/wp-json\/wp\/v2\/posts"}],"about":[{"href":"https:\/\/ceiep-program.com\/fr\/wp-json\/wp\/v2\/types\/post"}],"author":[{"embeddable":true,"href":"https:\/\/ceiep-program.com\/fr\/wp-json\/wp\/v2\/users\/3"}],"replies":[{"embeddable":true,"href":"https:\/\/ceiep-program.com\/fr\/wp-json\/wp\/v2\/comments?post=583"}],"version-history":[{"count":2,"href":"https:\/\/ceiep-program.com\/fr\/wp-json\/wp\/v2\/posts\/583\/revisions"}],"predecessor-version":[{"id":585,"href":"https:\/\/ceiep-program.com\/fr\/wp-json\/wp\/v2\/posts\/583\/revisions\/585"}],"wp:featuredmedia":[{"embeddable":true,"href":"https:\/\/ceiep-program.com\/fr\/wp-json\/wp\/v2\/media\/564"}],"wp:attachment":[{"href":"https:\/\/ceiep-program.com\/fr\/wp-json\/wp\/v2\/media?parent=583"}],"wp:term":[{"taxonomy":"category","embeddable":true,"href":"https:\/\/ceiep-program.com\/fr\/wp-json\/wp\/v2\/categories?post=583"},{"taxonomy":"post_tag","embeddable":true,"href":"https:\/\/ceiep-program.com\/fr\/wp-json\/wp\/v2\/tags?post=583"}],"curies":[{"name":"wp","href":"https:\/\/api.w.org\/{rel}","templated":true}]}}