{"id":562,"date":"2024-10-09T15:38:43","date_gmt":"2024-10-09T19:38:43","guid":{"rendered":"https:\/\/ceiep-program.com\/fr\/?p=562"},"modified":"2024-10-09T15:39:48","modified_gmt":"2024-10-09T19:39:48","slug":"journee-mondiale-de-la-sante-mentale","status":"publish","type":"post","link":"https:\/\/ceiep-program.com\/fr\/2024\/10\/09\/journee-mondiale-de-la-sante-mentale\/","title":{"rendered":"Journ\u00e9e mondiale de la sant\u00e9 mentale"},"content":{"rendered":"\n<div class=\"wp-block-zp4-masthead alignfull\"><div class=\"masthead\"><div class=\"image-container\"><img loading=\"lazy\" decoding=\"async\" width=\"1389\" height=\"728\" src=\"https:\/\/ceiep-program.com\/fr\/wp-content\/uploads\/sites\/2\/2024\/10\/Brain_elevator.png\" alt=\"\" class=\"wp-image-564\" srcset=\"https:\/\/ceiep-program.com\/fr\/wp-content\/uploads\/sites\/2\/2024\/10\/Brain_elevator.png 1389w, https:\/\/ceiep-program.com\/fr\/wp-content\/uploads\/sites\/2\/2024\/10\/Brain_elevator-300x157.png 300w, https:\/\/ceiep-program.com\/fr\/wp-content\/uploads\/sites\/2\/2024\/10\/Brain_elevator-1024x537.png 1024w, https:\/\/ceiep-program.com\/fr\/wp-content\/uploads\/sites\/2\/2024\/10\/Brain_elevator-768x403.png 768w, https:\/\/ceiep-program.com\/fr\/wp-content\/uploads\/sites\/2\/2024\/10\/Brain_elevator-68x36.png 68w, https:\/\/ceiep-program.com\/fr\/wp-content\/uploads\/sites\/2\/2024\/10\/Brain_elevator-84x44.png 84w\" sizes=\"auto, (max-width: 1389px) 100vw, 1389px\" \/><\/div><div class=\"content-container\"><h1>Journ\u00e9e mondiale de la sant\u00e9 mentale<\/h1><p class=\"has-large-font-size\"><\/p><div class=\"meta-container\"><time datetime=\"2024-10-09T19:28:47-04:00\">9 October 2024<\/time><span class=\"badge\">non cat\u00e9goris\u00e9<\/span><\/div>\n<div class=\"wp-block-buttons is-content-justification-center is-layout-flex wp-container-core-buttons-is-layout-a89b3969 wp-block-buttons-is-layout-flex\">\n\n\n\n<\/div>\n<\/div><\/div><\/div>\n\n\n\n<p><\/p>\n\n\n\n<p>Le 10 octobre marque la Journ\u00e9e mondiale de la sant\u00e9 mentale. Le th\u00e8me pour 2024 est&nbsp;<a href=\"https:\/\/ktayqjzab.cc.rs6.net\/tn.jsp?f=001UraiPdtr88xyDkSKRbu2Jprxyq-VSmEnu8-Z66PEYFi5dgPbNo4_GH3Ecp8F6SQDsbEn_qX88oqTjwD_Q44ovB1UJdx7SLq7Zcr5-3Hv85-mND9kdrrxI_qmV48gQrDEfY-1i9V7H44hAbfc_vh0l-OyczWkSQhdpdrTgWvhV6QJK2j-gL10Zs2YU4lFeQLwrqSsSjUPeuY=&amp;c=WUeEPrx-yFAgCPwvkGQ7maWtk6JPetWJ9sahBYX1XB9n28lZY2kCuQ==&amp;ch=BJHAndBeoutMjPEgZB0D9cr4EAUzvrcMapF-K54h5l22P6TQfNUZvA==\">\u00ab La sant\u00e9 mentale au travail \u00bb<\/a>&nbsp;et vise \u00e0 mettre en \u00e9vidence l&rsquo;impact de la sant\u00e9 mentale sur le bien-\u00eatre g\u00e9n\u00e9ral et la productivit\u00e9 en milieu de travail.&nbsp;&nbsp;<\/p>\n\n\n\n<p><strong>Le saviez-vous&nbsp;?&nbsp;<\/strong><em>Chaque semaine,&nbsp;<\/em><a href=\"https:\/\/ktayqjzab.cc.rs6.net\/tn.jsp?f=001UraiPdtr88xyDkSKRbu2Jprxyq-VSmEnu8-Z66PEYFi5dgPbNo4_GH3Ecp8F6SQD3aW-R6eyJEA1GihnraKL1usqhsWP35wK_t73aIAOYR1dCtsne1-fdf0g51mabwUAalZMYak_be49ZoaO64KC8oIMFTJ3VMduaZqA-SNmmLg2O2rUnpeZiSbGcApzsZRWFMqR9HcKxE6Pfb8zJd7k0oKZSbt8bAqJ52hGaLc8hhykd6clCUSnG81cb19BueOf6B459tDKjt83k12EB87Xrb2yosreFq_2hR6vOVwRf5B0VFolMplK1wUbHDP__3Wq&amp;c=WUeEPrx-yFAgCPwvkGQ7maWtk6JPetWJ9sahBYX1XB9n28lZY2kCuQ==&amp;ch=BJHAndBeoutMjPEgZB0D9cr4EAUzvrcMapF-K54h5l22P6TQfNUZvA==\"><em>plus de 500 000 Canadiens<\/em><\/a><em>&nbsp;sont incapables de travailler en raison d&rsquo;une mauvaise sant\u00e9 mentale.<\/em><\/p>\n\n\n\n<p>\u00c0 l&rsquo;automne 2024, le CEIEP mettra en \u0153uvre un cours proactif sur la sant\u00e9 mentale pour aider \u00e0 prioriser le bien-\u00eatre et le soutien de nos \u00e9tudiants.<\/p>\n\n\n\n<p><\/p>\n\n\n\n<figure class=\"wp-block-image alignwide size-full\"><img loading=\"lazy\" decoding=\"async\" width=\"695\" height=\"911\" src=\"https:\/\/ceiep-program.com\/fr\/wp-content\/uploads\/sites\/2\/2024\/10\/MHPoster.png\" alt=\"\" class=\"wp-image-565\" srcset=\"https:\/\/ceiep-program.com\/fr\/wp-content\/uploads\/sites\/2\/2024\/10\/MHPoster.png 695w, https:\/\/ceiep-program.com\/fr\/wp-content\/uploads\/sites\/2\/2024\/10\/MHPoster-229x300.png 229w, https:\/\/ceiep-program.com\/fr\/wp-content\/uploads\/sites\/2\/2024\/10\/MHPoster-610x800.png 610w, https:\/\/ceiep-program.com\/fr\/wp-content\/uploads\/sites\/2\/2024\/10\/MHPoster-52x68.png 52w, https:\/\/ceiep-program.com\/fr\/wp-content\/uploads\/sites\/2\/2024\/10\/MHPoster-64x84.png 64w\" sizes=\"auto, (max-width: 695px) 100vw, 695px\" \/><\/figure>\n","protected":false},"excerpt":{"rendered":"<p>Le 10 octobre marque la Journ\u00e9e mondiale de la sant\u00e9 mentale. Le th\u00e8me pour 2024 est&nbsp;\u00ab La sant\u00e9 mentale au travail \u00bb&nbsp;et vise \u00e0 mettre en \u00e9vidence l&rsquo;impact de la sant\u00e9 mentale sur le bien-\u00eatre g\u00e9n\u00e9ral et la productivit\u00e9 en milieu de travail.&nbsp;&nbsp; Le saviez-vous&nbsp;?&nbsp;Chaque semaine,&nbsp;plus de 500 000 Canadiens&nbsp;sont incapables de travailler en raison [&hellip;]<\/p>\n","protected":false},"author":3,"featured_media":564,"comment_status":"open","ping_status":"open","sticky":false,"template":"","format":"standard","meta":{"_acf_changed":false,"footnotes":""},"categories":[12],"tags":[],"class_list":["post-562","post","type-post","status-publish","format-standard","has-post-thumbnail","hentry","category-nouvelles"],"acf":[],"yoast_head":"<!-- This site is optimized with the Yoast SEO plugin v27.4 - https:\/\/yoast.com\/product\/yoast-seo-wordpress\/ -->\n<title>Journ\u00e9e mondiale de la sant\u00e9 mentale - CEIEP - Programme \u00c9ducationnel Canadienne de l\u2019industrie des Ascenseurs<\/title>\n<meta name=\"robots\" content=\"index, follow, max-snippet:-1, max-image-preview:large, max-video-preview:-1\" \/>\n<link rel=\"canonical\" href=\"https:\/\/ceiep-program.com\/fr\/2024\/10\/09\/journee-mondiale-de-la-sante-mentale\/\" \/>\n<meta property=\"og:locale\" content=\"fr_CA\" \/>\n<meta property=\"og:type\" content=\"article\" \/>\n<meta property=\"og:title\" content=\"Journ\u00e9e mondiale de la sant\u00e9 mentale - CEIEP - Programme \u00c9ducationnel Canadienne de l\u2019industrie des Ascenseurs\" \/>\n<meta property=\"og:description\" content=\"Le 10 octobre marque la Journ\u00e9e mondiale de la sant\u00e9 mentale. Le th\u00e8me pour 2024 est&nbsp;\u00ab La sant\u00e9 mentale au travail \u00bb&nbsp;et vise \u00e0 mettre en \u00e9vidence l&rsquo;impact de la sant\u00e9 mentale sur le bien-\u00eatre g\u00e9n\u00e9ral et la productivit\u00e9 en milieu de travail.&nbsp;&nbsp; Le saviez-vous&nbsp;?&nbsp;Chaque semaine,&nbsp;plus de 500 000 Canadiens&nbsp;sont incapables de travailler en raison [&hellip;]\" \/>\n<meta property=\"og:url\" content=\"https:\/\/ceiep-program.com\/fr\/2024\/10\/09\/journee-mondiale-de-la-sante-mentale\/\" \/>\n<meta property=\"og:site_name\" content=\"CEIEP - Programme \u00c9ducationnel Canadienne de l\u2019industrie des Ascenseurs\" \/>\n<meta property=\"article:publisher\" content=\"https:\/\/www.facebook.com\/Ceiepprogram\/\" \/>\n<meta property=\"article:published_time\" content=\"2024-10-09T19:38:43+00:00\" \/>\n<meta property=\"article:modified_time\" content=\"2024-10-09T19:39:48+00:00\" \/>\n<meta property=\"og:image\" content=\"https:\/\/ceiep-program.com\/fr\/wp-content\/uploads\/sites\/2\/2024\/10\/Brain_elevator.png\" \/>\n\t<meta property=\"og:image:width\" content=\"1389\" \/>\n\t<meta property=\"og:image:height\" content=\"728\" \/>\n\t<meta property=\"og:image:type\" content=\"image\/png\" \/>\n<meta name=\"author\" content=\"vselvakumar\" \/>\n<meta name=\"twitter:card\" content=\"summary_large_image\" \/>\n<meta name=\"twitter:creator\" content=\"@CEIEPprogram\" \/>\n<meta name=\"twitter:site\" content=\"@CEIEPprogram\" \/>\n<meta name=\"twitter:label1\" content=\"\u00c9crit par\" \/>\n\t<meta name=\"twitter:data1\" content=\"vselvakumar\" \/>\n\t<meta name=\"twitter:label2\" content=\"Estimation du temps de lecture\" \/>\n\t<meta name=\"twitter:data2\" content=\"2 minutes\" \/>\n<script type=\"application\/ld+json\" class=\"yoast-schema-graph\">{\"@context\":\"https:\\\/\\\/schema.org\",\"@graph\":[{\"@type\":\"Article\",\"@id\":\"https:\\\/\\\/ceiep-program.com\\\/fr\\\/2024\\\/10\\\/09\\\/journee-mondiale-de-la-sante-mentale\\\/#article\",\"isPartOf\":{\"@id\":\"https:\\\/\\\/ceiep-program.com\\\/fr\\\/2024\\\/10\\\/09\\\/journee-mondiale-de-la-sante-mentale\\\/\"},\"author\":{\"name\":\"vselvakumar\",\"@id\":\"https:\\\/\\\/ceiep-program.com\\\/fr\\\/#\\\/schema\\\/person\\\/25d894316d7f9b7e536175d41ae56a6c\"},\"headline\":\"Journ\u00e9e mondiale de la sant\u00e9 mentale\",\"datePublished\":\"2024-10-09T19:38:43+00:00\",\"dateModified\":\"2024-10-09T19:39:48+00:00\",\"mainEntityOfPage\":{\"@id\":\"https:\\\/\\\/ceiep-program.com\\\/fr\\\/2024\\\/10\\\/09\\\/journee-mondiale-de-la-sante-mentale\\\/\"},\"wordCount\":116,\"commentCount\":0,\"publisher\":{\"@id\":\"https:\\\/\\\/ceiep-program.com\\\/fr\\\/#organization\"},\"image\":{\"@id\":\"https:\\\/\\\/ceiep-program.com\\\/fr\\\/2024\\\/10\\\/09\\\/journee-mondiale-de-la-sante-mentale\\\/#primaryimage\"},\"thumbnailUrl\":\"https:\\\/\\\/ceiep-program.com\\\/fr\\\/wp-content\\\/uploads\\\/sites\\\/2\\\/2024\\\/10\\\/Brain_elevator.png\",\"articleSection\":[\"Nouvelles\"],\"inLanguage\":\"fr-CA\",\"potentialAction\":[{\"@type\":\"CommentAction\",\"name\":\"Comment\",\"target\":[\"https:\\\/\\\/ceiep-program.com\\\/fr\\\/2024\\\/10\\\/09\\\/journee-mondiale-de-la-sante-mentale\\\/#respond\"]}]},{\"@type\":\"WebPage\",\"@id\":\"https:\\\/\\\/ceiep-program.com\\\/fr\\\/2024\\\/10\\\/09\\\/journee-mondiale-de-la-sante-mentale\\\/\",\"url\":\"https:\\\/\\\/ceiep-program.com\\\/fr\\\/2024\\\/10\\\/09\\\/journee-mondiale-de-la-sante-mentale\\\/\",\"name\":\"Journ\u00e9e mondiale de la sant\u00e9 mentale - CEIEP - Programme \u00c9ducationnel Canadienne de l\u2019industrie des Ascenseurs\",\"isPartOf\":{\"@id\":\"https:\\\/\\\/ceiep-program.com\\\/fr\\\/#website\"},\"primaryImageOfPage\":{\"@id\":\"https:\\\/\\\/ceiep-program.com\\\/fr\\\/2024\\\/10\\\/09\\\/journee-mondiale-de-la-sante-mentale\\\/#primaryimage\"},\"image\":{\"@id\":\"https:\\\/\\\/ceiep-program.com\\\/fr\\\/2024\\\/10\\\/09\\\/journee-mondiale-de-la-sante-mentale\\\/#primaryimage\"},\"thumbnailUrl\":\"https:\\\/\\\/ceiep-program.com\\\/fr\\\/wp-content\\\/uploads\\\/sites\\\/2\\\/2024\\\/10\\\/Brain_elevator.png\",\"datePublished\":\"2024-10-09T19:38:43+00:00\",\"dateModified\":\"2024-10-09T19:39:48+00:00\",\"breadcrumb\":{\"@id\":\"https:\\\/\\\/ceiep-program.com\\\/fr\\\/2024\\\/10\\\/09\\\/journee-mondiale-de-la-sante-mentale\\\/#breadcrumb\"},\"inLanguage\":\"fr-CA\",\"potentialAction\":[{\"@type\":\"ReadAction\",\"target\":[\"https:\\\/\\\/ceiep-program.com\\\/fr\\\/2024\\\/10\\\/09\\\/journee-mondiale-de-la-sante-mentale\\\/\"]}]},{\"@type\":\"ImageObject\",\"inLanguage\":\"fr-CA\",\"@id\":\"https:\\\/\\\/ceiep-program.com\\\/fr\\\/2024\\\/10\\\/09\\\/journee-mondiale-de-la-sante-mentale\\\/#primaryimage\",\"url\":\"https:\\\/\\\/ceiep-program.com\\\/fr\\\/wp-content\\\/uploads\\\/sites\\\/2\\\/2024\\\/10\\\/Brain_elevator.png\",\"contentUrl\":\"https:\\\/\\\/ceiep-program.com\\\/fr\\\/wp-content\\\/uploads\\\/sites\\\/2\\\/2024\\\/10\\\/Brain_elevator.png\",\"width\":1389,\"height\":728},{\"@type\":\"BreadcrumbList\",\"@id\":\"https:\\\/\\\/ceiep-program.com\\\/fr\\\/2024\\\/10\\\/09\\\/journee-mondiale-de-la-sante-mentale\\\/#breadcrumb\",\"itemListElement\":[{\"@type\":\"ListItem\",\"position\":1,\"name\":\"Home\",\"item\":\"https:\\\/\\\/ceiep-program.com\\\/fr\\\/\"},{\"@type\":\"ListItem\",\"position\":2,\"name\":\"Journ\u00e9e mondiale de la sant\u00e9 mentale\"}]},{\"@type\":\"WebSite\",\"@id\":\"https:\\\/\\\/ceiep-program.com\\\/fr\\\/#website\",\"url\":\"https:\\\/\\\/ceiep-program.com\\\/fr\\\/\",\"name\":\"CEIEP - Programme \u00c9ducationnel Canadienne de l\u2019industrie des Ascenseurs\",\"description\":\"Just another CEIEP Sites site\",\"publisher\":{\"@id\":\"https:\\\/\\\/ceiep-program.com\\\/fr\\\/#organization\"},\"potentialAction\":[{\"@type\":\"SearchAction\",\"target\":{\"@type\":\"EntryPoint\",\"urlTemplate\":\"https:\\\/\\\/ceiep-program.com\\\/fr\\\/?s={search_term_string}\"},\"query-input\":{\"@type\":\"PropertyValueSpecification\",\"valueRequired\":true,\"valueName\":\"search_term_string\"}}],\"inLanguage\":\"fr-CA\"},{\"@type\":\"Organization\",\"@id\":\"https:\\\/\\\/ceiep-program.com\\\/fr\\\/#organization\",\"name\":\"CEIEP - Programme \u00c9ducationnel Canadienne de l\u2019industrie des Ascenseurs\",\"url\":\"https:\\\/\\\/ceiep-program.com\\\/fr\\\/\",\"logo\":{\"@type\":\"ImageObject\",\"inLanguage\":\"fr-CA\",\"@id\":\"https:\\\/\\\/ceiep-program.com\\\/fr\\\/#\\\/schema\\\/logo\\\/image\\\/\",\"url\":\"https:\\\/\\\/ceiep-program.com\\\/fr\\\/wp-content\\\/uploads\\\/sites\\\/2\\\/2023\\\/02\\\/Allegra-Cover-Logo.png\",\"contentUrl\":\"https:\\\/\\\/ceiep-program.com\\\/fr\\\/wp-content\\\/uploads\\\/sites\\\/2\\\/2023\\\/02\\\/Allegra-Cover-Logo.png\",\"width\":267,\"height\":266,\"caption\":\"CEIEP - Programme \u00c9ducationnel Canadienne de l\u2019industrie des Ascenseurs\"},\"image\":{\"@id\":\"https:\\\/\\\/ceiep-program.com\\\/fr\\\/#\\\/schema\\\/logo\\\/image\\\/\"},\"sameAs\":[\"https:\\\/\\\/www.facebook.com\\\/Ceiepprogram\\\/\",\"https:\\\/\\\/x.com\\\/CEIEPprogram\",\"https:\\\/\\\/www.instagram.com\\\/ceiepprogram\\\/\"]},{\"@type\":\"Person\",\"@id\":\"https:\\\/\\\/ceiep-program.com\\\/fr\\\/#\\\/schema\\\/person\\\/25d894316d7f9b7e536175d41ae56a6c\",\"name\":\"vselvakumar\",\"image\":{\"@type\":\"ImageObject\",\"inLanguage\":\"fr-CA\",\"@id\":\"https:\\\/\\\/secure.gravatar.com\\\/avatar\\\/f0b17e1aaf96522216fd7324fb7cda612a7dc1047e79f354398f1eff6a502720?s=96&d=mm&r=g\",\"url\":\"https:\\\/\\\/secure.gravatar.com\\\/avatar\\\/f0b17e1aaf96522216fd7324fb7cda612a7dc1047e79f354398f1eff6a502720?s=96&d=mm&r=g\",\"contentUrl\":\"https:\\\/\\\/secure.gravatar.com\\\/avatar\\\/f0b17e1aaf96522216fd7324fb7cda612a7dc1047e79f354398f1eff6a502720?s=96&d=mm&r=g\",\"caption\":\"vselvakumar\"},\"url\":\"https:\\\/\\\/ceiep-program.com\\\/fr\\\/author\\\/vselvakumar\\\/\"}]}<\/script>\n<!-- \/ Yoast SEO plugin. -->","yoast_head_json":{"title":"Journ\u00e9e mondiale de la sant\u00e9 mentale - CEIEP - Programme \u00c9ducationnel Canadienne de l\u2019industrie des Ascenseurs","robots":{"index":"index","follow":"follow","max-snippet":"max-snippet:-1","max-image-preview":"max-image-preview:large","max-video-preview":"max-video-preview:-1"},"canonical":"https:\/\/ceiep-program.com\/fr\/2024\/10\/09\/journee-mondiale-de-la-sante-mentale\/","og_locale":"fr_CA","og_type":"article","og_title":"Journ\u00e9e mondiale de la sant\u00e9 mentale - CEIEP - Programme \u00c9ducationnel Canadienne de l\u2019industrie des Ascenseurs","og_description":"Le 10 octobre marque la Journ\u00e9e mondiale de la sant\u00e9 mentale. Le th\u00e8me pour 2024 est&nbsp;\u00ab La sant\u00e9 mentale au travail \u00bb&nbsp;et vise \u00e0 mettre en \u00e9vidence l&rsquo;impact de la sant\u00e9 mentale sur le bien-\u00eatre g\u00e9n\u00e9ral et la productivit\u00e9 en milieu de travail.&nbsp;&nbsp; Le saviez-vous&nbsp;?&nbsp;Chaque semaine,&nbsp;plus de 500 000 Canadiens&nbsp;sont incapables de travailler en raison [&hellip;]","og_url":"https:\/\/ceiep-program.com\/fr\/2024\/10\/09\/journee-mondiale-de-la-sante-mentale\/","og_site_name":"CEIEP - Programme \u00c9ducationnel Canadienne de l\u2019industrie des Ascenseurs","article_publisher":"https:\/\/www.facebook.com\/Ceiepprogram\/","article_published_time":"2024-10-09T19:38:43+00:00","article_modified_time":"2024-10-09T19:39:48+00:00","og_image":[{"width":1389,"height":728,"url":"https:\/\/ceiep-program.com\/fr\/wp-content\/uploads\/sites\/2\/2024\/10\/Brain_elevator.png","type":"image\/png"}],"author":"vselvakumar","twitter_card":"summary_large_image","twitter_creator":"@CEIEPprogram","twitter_site":"@CEIEPprogram","twitter_misc":{"\u00c9crit par":"vselvakumar","Estimation du temps de lecture":"2 minutes"},"schema":{"@context":"https:\/\/schema.org","@graph":[{"@type":"Article","@id":"https:\/\/ceiep-program.com\/fr\/2024\/10\/09\/journee-mondiale-de-la-sante-mentale\/#article","isPartOf":{"@id":"https:\/\/ceiep-program.com\/fr\/2024\/10\/09\/journee-mondiale-de-la-sante-mentale\/"},"author":{"name":"vselvakumar","@id":"https:\/\/ceiep-program.com\/fr\/#\/schema\/person\/25d894316d7f9b7e536175d41ae56a6c"},"headline":"Journ\u00e9e mondiale de la sant\u00e9 mentale","datePublished":"2024-10-09T19:38:43+00:00","dateModified":"2024-10-09T19:39:48+00:00","mainEntityOfPage":{"@id":"https:\/\/ceiep-program.com\/fr\/2024\/10\/09\/journee-mondiale-de-la-sante-mentale\/"},"wordCount":116,"commentCount":0,"publisher":{"@id":"https:\/\/ceiep-program.com\/fr\/#organization"},"image":{"@id":"https:\/\/ceiep-program.com\/fr\/2024\/10\/09\/journee-mondiale-de-la-sante-mentale\/#primaryimage"},"thumbnailUrl":"https:\/\/ceiep-program.com\/fr\/wp-content\/uploads\/sites\/2\/2024\/10\/Brain_elevator.png","articleSection":["Nouvelles"],"inLanguage":"fr-CA","potentialAction":[{"@type":"CommentAction","name":"Comment","target":["https:\/\/ceiep-program.com\/fr\/2024\/10\/09\/journee-mondiale-de-la-sante-mentale\/#respond"]}]},{"@type":"WebPage","@id":"https:\/\/ceiep-program.com\/fr\/2024\/10\/09\/journee-mondiale-de-la-sante-mentale\/","url":"https:\/\/ceiep-program.com\/fr\/2024\/10\/09\/journee-mondiale-de-la-sante-mentale\/","name":"Journ\u00e9e mondiale de la sant\u00e9 mentale - CEIEP - Programme \u00c9ducationnel Canadienne de l\u2019industrie des Ascenseurs","isPartOf":{"@id":"https:\/\/ceiep-program.com\/fr\/#website"},"primaryImageOfPage":{"@id":"https:\/\/ceiep-program.com\/fr\/2024\/10\/09\/journee-mondiale-de-la-sante-mentale\/#primaryimage"},"image":{"@id":"https:\/\/ceiep-program.com\/fr\/2024\/10\/09\/journee-mondiale-de-la-sante-mentale\/#primaryimage"},"thumbnailUrl":"https:\/\/ceiep-program.com\/fr\/wp-content\/uploads\/sites\/2\/2024\/10\/Brain_elevator.png","datePublished":"2024-10-09T19:38:43+00:00","dateModified":"2024-10-09T19:39:48+00:00","breadcrumb":{"@id":"https:\/\/ceiep-program.com\/fr\/2024\/10\/09\/journee-mondiale-de-la-sante-mentale\/#breadcrumb"},"inLanguage":"fr-CA","potentialAction":[{"@type":"ReadAction","target":["https:\/\/ceiep-program.com\/fr\/2024\/10\/09\/journee-mondiale-de-la-sante-mentale\/"]}]},{"@type":"ImageObject","inLanguage":"fr-CA","@id":"https:\/\/ceiep-program.com\/fr\/2024\/10\/09\/journee-mondiale-de-la-sante-mentale\/#primaryimage","url":"https:\/\/ceiep-program.com\/fr\/wp-content\/uploads\/sites\/2\/2024\/10\/Brain_elevator.png","contentUrl":"https:\/\/ceiep-program.com\/fr\/wp-content\/uploads\/sites\/2\/2024\/10\/Brain_elevator.png","width":1389,"height":728},{"@type":"BreadcrumbList","@id":"https:\/\/ceiep-program.com\/fr\/2024\/10\/09\/journee-mondiale-de-la-sante-mentale\/#breadcrumb","itemListElement":[{"@type":"ListItem","position":1,"name":"Home","item":"https:\/\/ceiep-program.com\/fr\/"},{"@type":"ListItem","position":2,"name":"Journ\u00e9e mondiale de la sant\u00e9 mentale"}]},{"@type":"WebSite","@id":"https:\/\/ceiep-program.com\/fr\/#website","url":"https:\/\/ceiep-program.com\/fr\/","name":"CEIEP - Programme \u00c9ducationnel Canadienne de l\u2019industrie des Ascenseurs","description":"Just another CEIEP Sites site","publisher":{"@id":"https:\/\/ceiep-program.com\/fr\/#organization"},"potentialAction":[{"@type":"SearchAction","target":{"@type":"EntryPoint","urlTemplate":"https:\/\/ceiep-program.com\/fr\/?s={search_term_string}"},"query-input":{"@type":"PropertyValueSpecification","valueRequired":true,"valueName":"search_term_string"}}],"inLanguage":"fr-CA"},{"@type":"Organization","@id":"https:\/\/ceiep-program.com\/fr\/#organization","name":"CEIEP - Programme \u00c9ducationnel Canadienne de l\u2019industrie des Ascenseurs","url":"https:\/\/ceiep-program.com\/fr\/","logo":{"@type":"ImageObject","inLanguage":"fr-CA","@id":"https:\/\/ceiep-program.com\/fr\/#\/schema\/logo\/image\/","url":"https:\/\/ceiep-program.com\/fr\/wp-content\/uploads\/sites\/2\/2023\/02\/Allegra-Cover-Logo.png","contentUrl":"https:\/\/ceiep-program.com\/fr\/wp-content\/uploads\/sites\/2\/2023\/02\/Allegra-Cover-Logo.png","width":267,"height":266,"caption":"CEIEP - Programme \u00c9ducationnel Canadienne de l\u2019industrie des Ascenseurs"},"image":{"@id":"https:\/\/ceiep-program.com\/fr\/#\/schema\/logo\/image\/"},"sameAs":["https:\/\/www.facebook.com\/Ceiepprogram\/","https:\/\/x.com\/CEIEPprogram","https:\/\/www.instagram.com\/ceiepprogram\/"]},{"@type":"Person","@id":"https:\/\/ceiep-program.com\/fr\/#\/schema\/person\/25d894316d7f9b7e536175d41ae56a6c","name":"vselvakumar","image":{"@type":"ImageObject","inLanguage":"fr-CA","@id":"https:\/\/secure.gravatar.com\/avatar\/f0b17e1aaf96522216fd7324fb7cda612a7dc1047e79f354398f1eff6a502720?s=96&d=mm&r=g","url":"https:\/\/secure.gravatar.com\/avatar\/f0b17e1aaf96522216fd7324fb7cda612a7dc1047e79f354398f1eff6a502720?s=96&d=mm&r=g","contentUrl":"https:\/\/secure.gravatar.com\/avatar\/f0b17e1aaf96522216fd7324fb7cda612a7dc1047e79f354398f1eff6a502720?s=96&d=mm&r=g","caption":"vselvakumar"},"url":"https:\/\/ceiep-program.com\/fr\/author\/vselvakumar\/"}]}},"_links":{"self":[{"href":"https:\/\/ceiep-program.com\/fr\/wp-json\/wp\/v2\/posts\/562","targetHints":{"allow":["GET"]}}],"collection":[{"href":"https:\/\/ceiep-program.com\/fr\/wp-json\/wp\/v2\/posts"}],"about":[{"href":"https:\/\/ceiep-program.com\/fr\/wp-json\/wp\/v2\/types\/post"}],"author":[{"embeddable":true,"href":"https:\/\/ceiep-program.com\/fr\/wp-json\/wp\/v2\/users\/3"}],"replies":[{"embeddable":true,"href":"https:\/\/ceiep-program.com\/fr\/wp-json\/wp\/v2\/comments?post=562"}],"version-history":[{"count":2,"href":"https:\/\/ceiep-program.com\/fr\/wp-json\/wp\/v2\/posts\/562\/revisions"}],"predecessor-version":[{"id":566,"href":"https:\/\/ceiep-program.com\/fr\/wp-json\/wp\/v2\/posts\/562\/revisions\/566"}],"wp:featuredmedia":[{"embeddable":true,"href":"https:\/\/ceiep-program.com\/fr\/wp-json\/wp\/v2\/media\/564"}],"wp:attachment":[{"href":"https:\/\/ceiep-program.com\/fr\/wp-json\/wp\/v2\/media?parent=562"}],"wp:term":[{"taxonomy":"category","embeddable":true,"href":"https:\/\/ceiep-program.com\/fr\/wp-json\/wp\/v2\/categories?post=562"},{"taxonomy":"post_tag","embeddable":true,"href":"https:\/\/ceiep-program.com\/fr\/wp-json\/wp\/v2\/tags?post=562"}],"curies":[{"name":"wp","href":"https:\/\/api.w.org\/{rel}","templated":true}]}}